{"id":5174,"date":"2017-10-25T09:46:52","date_gmt":"2017-10-25T07:46:52","guid":{"rendered":"http:\/\/www.hah.hr\/?p=5174"},"modified":"2017-10-30T13:37:25","modified_gmt":"2017-10-30T12:37:25","slug":"odrzana-2-hrvatska-konferencija-o-procjeni-rizika-podrijetlom-iz-hrane-uz-obiljezavanje-svjetskog-dana-hrane-2017","status":"publish","type":"post","link":"https:\/\/www.hah.hr\/en\/odrzana-2-hrvatska-konferencija-o-procjeni-rizika-podrijetlom-iz-hrane-uz-obiljezavanje-svjetskog-dana-hrane-2017\/","title":{"rendered":"2nd\u00a0Croatian Food Safety Risk Assessment Conference and the\u00a0Marking the World Food Day 2017, was held from 16th\u00a0to 17th\u00a0of October 2017"},"content":{"rendered":"<p><div id=\"attachment_5175\" style=\"width: 662px\" class=\"wp-caption aligncenter\"><img aria-describedby=\"caption-attachment-5175\" loading=\"lazy\" class=\"wp-image-5175 size-full\" src=\"https:\/\/www.hah.hr\/wp-content\/uploads\/2017\/10\/hah-konferencija-2017.jpg\" alt=\"HAH konferencija 2017\" width=\"652\" height=\"434\" srcset=\"https:\/\/www.hah.hr\/wp-content\/uploads\/2017\/10\/hah-konferencija-2017.jpg 652w, https:\/\/www.hah.hr\/wp-content\/uploads\/2017\/10\/hah-konferencija-2017-620x413.jpg 620w, https:\/\/www.hah.hr\/wp-content\/uploads\/2017\/10\/hah-konferencija-2017-600x399.jpg 600w\" sizes=\"(max-width: 652px) 100vw, 652px\" \/><p id=\"caption-attachment-5175\" class=\"wp-caption-text\">Source: Glas Slavonije<\/p><\/div><\/p>\n<p align=\"justify\"><span lang=\"en-US\">Croatian Food Agency (HAH) supported by the European Food Safety Authority (EFSA) and Food and Agriculture Organization of the United Nations (FAO), under the high auspices of the President of the Republic of Croatia, Kolinda Grabar Kitarovi\u0107 and under the patronage of the Ministry of Agriculture and Ministry of Health of the Republic of Croatia organized 2nd Croatian Food Safety Risk Assessment Conference.<\/span><\/p>\n<p align=\"justify\"><span lang=\"en-US\">The conference was held on 16th and 17th October 2017 at the Faculty of Agriculture in Osijek. <\/span><\/p>\n<p align=\"justify\"><span lang=\"en-US\">One section of the conference was dedicated to the celebration of World Food Day 2017, where this year\u2018s motto was\u2013 <\/span><span lang=\"en-US\"><i>Change the future of migration. Invest in food security and rural development.<\/i><\/span><\/p>\n<p align=\"justify\"><span lang=\"en-US\">In two days and 22 lectures, the eminent foreign and domestic lecturers presented the latest results in the field of risk assessment, nutrition habits, international co-operation and risk communication, and, within the first section, dedicated to the marking of the World Food Day, they pointed out the importance of complex migration issues.<\/span><\/p>\n<p align=\"justify\"><span lang=\"en-US\">The conference was attended by around 200 people, representatives of competent bodies, industry, consumer organizations and the scientific community.<\/span><\/p>\n<p align=\"justify\"><span lang=\"en-US\">The conference was opened by the Minister of Agriculture, Tomislav Tolu\u0161i\u0107.<\/span><\/p>\n<div id=\"attachment_5176\" style=\"width: 380px\" class=\"wp-caption aligncenter\"><img aria-describedby=\"caption-attachment-5176\" loading=\"lazy\" class=\"wp-image-5176\" src=\"https:\/\/www.hah.hr\/wp-content\/uploads\/2017\/10\/tomislav-tolusic.jpg\" alt=\"Tomislav Tolu\u0161i\u0107, Ministar poljoprivrede\" width=\"370\" height=\"400\" \/><p id=\"caption-attachment-5176\" class=\"wp-caption-text\">Tomislav Tolu\u0161i\u0107, Minister of Agriculture<\/p><\/div>\n<p align=\"justify\"><span lang=\"en-US\">Beside the Minister, in the introductory part of the program, the guests were greeted by Assistant Minister of Health, Vera Katalini\u0107-Jankovi\u0107, Ivan Anu\u0161i\u0107, County Prefect of the Osijek Baranja County, Deputy Mayor of the City of Osijek Boris Pili\u017eota and, as the host, Krunoslav Zmai\u0107, Dean of the Faculty of Agriculture in Osijek.<\/span><\/p>\n<div id=\"attachment_5250\" style=\"width: 310px\" class=\"wp-caption alignleft\"><img aria-describedby=\"caption-attachment-5250\" loading=\"lazy\" class=\"wp-image-5250 size-full\" src=\"https:\/\/www.hah.hr\/wp-content\/uploads\/2017\/10\/vera-katalinic-1.jpg\" alt=\"Vera Katalini\u0107 \u2013 Jankovi\u0107, Ministarstvo zdravstva \" width=\"300\" height=\"400\" \/><p id=\"caption-attachment-5250\" class=\"wp-caption-text\">Vera Katalini\u0107-Jankovi\u0107, Assistant Minister, Ministry of Health<\/p><\/div>\n<div id=\"attachment_5180\" style=\"width: 298px\" class=\"wp-caption alignright\"><img aria-describedby=\"caption-attachment-5180\" loading=\"lazy\" class=\"wp-image-5180 size-full\" src=\"https:\/\/www.hah.hr\/wp-content\/uploads\/2017\/10\/ivan-anusic.jpg\" alt=\"Ivan Anu\u0161i\u0107, \u017eupan Osje\u010dko-baranjske \u017eupanije \" width=\"288\" height=\"400\" \/><p id=\"caption-attachment-5180\" class=\"wp-caption-text\">Ivan Anu\u0161i\u0107, County Prefect of the Osijek Baranja County, Photo by: Zlatko Pavo\u0161evi\u0107<\/p><\/div>\n<p>&nbsp;<\/p>\n<p>&nbsp;<\/p>\n<p>&nbsp;<\/p>\n<p>&nbsp;<\/p>\n<p>&nbsp;<\/p>\n<p>&nbsp;<\/p>\n<p>&nbsp;<\/p>\n<p>&nbsp;<\/p>\n<p>&nbsp;<\/p>\n<p>&nbsp;<\/p>\n<p>&nbsp;<\/p>\n<p>&nbsp;<\/p>\n<div id=\"attachment_5252\" style=\"width: 288px\" class=\"wp-caption alignleft\"><img aria-describedby=\"caption-attachment-5252\" loading=\"lazy\" class=\"wp-image-5252\" src=\"https:\/\/www.hah.hr\/wp-content\/uploads\/2017\/10\/boris-pilizota-1.jpg\" alt=\"Boris Pili\u017eota, zamjenik gradona\u010delnika grada Osijeka\" width=\"278\" height=\"370\" \/><p id=\"caption-attachment-5252\" class=\"wp-caption-text\">Boris Pili\u017eota, Deputy Mayor of City of Osijek<\/p><\/div>\n<div id=\"attachment_5251\" style=\"width: 288px\" class=\"wp-caption alignright\"><img aria-describedby=\"caption-attachment-5251\" loading=\"lazy\" class=\"wp-image-5251\" src=\"https:\/\/www.hah.hr\/wp-content\/uploads\/2017\/10\/krunoslav-zmaic-1.jpg\" alt=\"Krunoslav Zmai\u0107, Poljoprivredni fakultet u Osijeku\" width=\"278\" height=\"370\" \/><p id=\"caption-attachment-5251\" class=\"wp-caption-text\">Krunoslav Zmai\u0107, Dean of Faculty of Agriculture Osijek<\/p><\/div>\n<p>&nbsp;<\/p>\n<p>&nbsp;<\/p>\n<p>&nbsp;<\/p>\n<p>&nbsp;<\/p>\n<p>&nbsp;<\/p>\n<p>&nbsp;<\/p>\n<p>&nbsp;<\/p>\n<p>&nbsp;<\/p>\n<p>&nbsp;<\/p>\n<p>&nbsp;<\/p>\n<p>&nbsp;<\/p>\n<p style=\"text-align: justify;\">On behalf of the organizer, the guests were welcomed by HAH Director, Andrea Gross-Bo\u0161kovi\u0107 and, on behalf of the institutions that supported this year&#8217;s conference, Stef Bronzwaer, Head of Advisory Forum &amp; Scientific Cooperation Unit, European Food Safety Authority (EFSA), while the message of the FAO Director General Jos\u00e9 Graziano da Silva, was conveyed by Rural Development Consultant Katalin Ludvig.<\/p>\n<div id=\"attachment_5188\" style=\"width: 231px\" class=\"wp-caption alignleft\"><img aria-describedby=\"caption-attachment-5188\" loading=\"lazy\" class=\"wp-image-5188\" src=\"https:\/\/www.hah.hr\/wp-content\/uploads\/2017\/10\/stef-bronzwaer.jpg\" alt=\"Stef Bronzwaer, EFSA\" width=\"221\" height=\"295\" \/><p id=\"caption-attachment-5188\" class=\"wp-caption-text\">Stef Bronzwaer, EFSA<\/p><\/div>\n<div id=\"attachment_5190\" style=\"width: 394px\" class=\"wp-caption alignright\"><img aria-describedby=\"caption-attachment-5190\" loading=\"lazy\" class=\"wp-image-5190\" src=\"https:\/\/www.hah.hr\/wp-content\/uploads\/2017\/10\/katalin-ludvig-1.jpg\" alt=\"Katalin Ludvig, FAO\" width=\"384\" height=\"295\" \/><p id=\"caption-attachment-5190\" class=\"wp-caption-text\">Katalin Ludvig, FAO &#8211; Photo by: Zlatko Pavo\u0161evi\u0107<\/p><\/div>\n<p>&nbsp;<\/p>\n<p>&nbsp;<\/p>\n<p>&nbsp;<\/p>\n<p>&nbsp;<\/p>\n<p>&nbsp;<\/p>\n<p>&nbsp;<\/p>\n<p>&nbsp;<\/p>\n<p>&nbsp;<\/p>\n<p>&nbsp;<\/p>\n<p style=\"text-align: justify;\">Minister of Agriculture, Tomislav Tolu\u0161i\u0107, emphasized the importance of the Croatian Food Agency, and the importance of the cooperation of all &#8220;field to fork&#8221; stakeholders.<\/p>\n<p style=\"text-align: justify;\">EFSA High Representative, Stef Bronzwaer, expressed strong support to Croatia and welcomed the efforts and progress of the Croatian Food Agency as an important risk assessment body in Croatia.<\/p>\n<p align=\"justify\"><span lang=\"en-US\">After the introductory part, the first section of the conference followed. It was dedicated to the marking of the World Food Day, under the motto <\/span><span lang=\"en-US\"><i>Change the future of migration. Invest in food security and rural development<\/i><\/span><span lang=\"en-US\">. Within this section, five plenary lectures were held in which representatives of the academic community and competent bodies informed the audience about the migration issues- migration reasons, the impact of rural development measures on migration and the<\/span> <span lang=\"en-US\">globalization of migration and their reflection on Croatia and the EU in general.<\/span><\/p>\n<div id=\"attachment_5211\" style=\"width: 610px\" class=\"wp-caption aligncenter\"><img aria-describedby=\"caption-attachment-5211\" loading=\"lazy\" class=\"wp-image-5211 size-full\" src=\"https:\/\/www.hah.hr\/wp-content\/uploads\/2017\/10\/panel-2017.jpg\" alt=\"panel\" width=\"600\" height=\"387\" \/><p id=\"caption-attachment-5211\" class=\"wp-caption-text\">Left to right: Danijela Stra\u017eanac, An\u0111elko Milardovi\u0107, Zdravko Tu\u0161ek, Katalin Ludvig, Stef Bronzwaer, Brigita Hengl<\/p><\/div>\n<p align=\"justify\"><span lang=\"en-US\">After the marking of World Food Day, Round table, <\/span><span lang=\"en-US\"><i>GM food: Risk analysis- nationally and globally<\/i><\/span><span lang=\"en-US\">, was held. Excellent moderator, Mislav Togonal, kept the debate very lively.<\/span><\/p>\n<p align=\"justify\"><span lang=\"en-US\">In the debate, beside HAH Director, Andrea Gross-Bo\u0161kovi\u0107, representatives of the relevant authorities took part- Jelena \u0110ugum from the Ministry of Agriculture, Valentina Zoreti\u0107-Rubes from the Ministry of Health, representatives of the scientific community, Vladimir Mr\u0161a and Ivan-Kre\u0161imir Svetec from the Faculty of Food Technology and Biotechnology University of Zagreb and, as a consumer representative, Tanja Popovi\u0107 from the Croatian Consumer Protection Association.<\/span><\/p>\n<div id=\"attachment_5213\" style=\"width: 610px\" class=\"wp-caption aligncenter\"><img aria-describedby=\"caption-attachment-5213\" loading=\"lazy\" class=\"size-full wp-image-5213\" src=\"https:\/\/www.hah.hr\/wp-content\/uploads\/2017\/10\/panel-1-2017.jpg\" alt=\"panel \" width=\"600\" height=\"397\" \/><p id=\"caption-attachment-5213\" class=\"wp-caption-text\">Photo by Roberta Sori\u0107<\/p><\/div>\n<div id=\"attachment_5214\" style=\"width: 610px\" class=\"wp-caption aligncenter\"><img aria-describedby=\"caption-attachment-5214\" loading=\"lazy\" class=\"size-full wp-image-5214\" src=\"https:\/\/www.hah.hr\/wp-content\/uploads\/2017\/10\/panel-2-2017.jpg\" alt=\"panel\" width=\"600\" height=\"397\" \/><p id=\"caption-attachment-5214\" class=\"wp-caption-text\">Left to right: Vladimir Mr\u0161a, Tanja Popovi\u0107, Jelena \u0110ugum, Ivan-Kre\u0161imir Svetec, Valentina Zoreti\u0107 Rubes, Andrea Gross-Bo\u0161kovi\u0107, Mislav Togonal<br \/>Photo by Roberta Sori\u0107<\/p><\/div>\n<p align=\"justify\"><span lang=\"en-US\">The second day began with the section on <\/span><span lang=\"en-US\"><i>Risk Communication and International Cooperation<\/i><\/span><span lang=\"en-US\">, during which a clear insight into this area of work of important institutions such as EFSA and BfR was presented. The representative of the Ministry of Agriculture pointed out the proactivity and significance of international cooperation, as well as the Croatian Presidency of the European Union in 2020. The section ended with an interesting presentation on Crisis communication.<\/span><\/p>\n<div id=\"attachment_5215\" style=\"width: 610px\" class=\"wp-caption aligncenter\"><img aria-describedby=\"caption-attachment-5215\" loading=\"lazy\" class=\"size-full wp-image-5215\" src=\"https:\/\/www.hah.hr\/wp-content\/uploads\/2017\/10\/hah-dan-2-2.jpg\" alt=\"HAH\" width=\"600\" height=\"450\" \/><p id=\"caption-attachment-5215\" class=\"wp-caption-text\">Left to right: Vlatka Buzjak Slu\u017eek, Marina Deur, Nicole Gollnick, Stef Bronzwaer, Sara Mikrut Vunjak<\/p><\/div>\n<p align=\"justify\"><span lang=\"en-US\">The Section <\/span><span lang=\"en-US\"><i>Nutrition Science in Risk Assessment Service<\/i><\/span><span lang=\"en-US\"> has begun by reviewing the current state of food allergies which increasingly grow, and therefore, special attention was devoted to the future challenges in this sensitive area.<\/span> <span lang=\"en-US\">Since the high quality data on nutrition habits are an important precondition for quality risk assessment, an example of data collection on nutrition habits of Finnish residents was presented. Another significant project, <\/span><span lang=\"en-US\"><i>EU Menu \u2013 The first Croatian study of food consumption of infants and young children<\/i><\/span><span lang=\"en-US\">, was also presented.<\/span><\/p>\n<p align=\"justify\"><span lang=\"en-US\">Beside the presentations devoted to trends in nutrition and nutrition behavior, a valuable EU Guide <\/span><span lang=\"en-US\"><i>How to calculate nutrient content of food?<\/i><\/span><span lang=\"en-US\"> has also been presented.<\/span><\/p>\n<div id=\"attachment_5216\" style=\"width: 610px\" class=\"wp-caption aligncenter\"><img aria-describedby=\"caption-attachment-5216\" loading=\"lazy\" class=\"size-full wp-image-5216\" src=\"https:\/\/www.hah.hr\/wp-content\/uploads\/2017\/10\/hah-dan-2-1.jpg\" alt=\"HAH\" width=\"600\" height=\"450\" \/><p id=\"caption-attachment-5216\" class=\"wp-caption-text\">Left to right: Irena Keser, Mirjana Turkalj, Daniela \u010ca\u010di\u0107 Kenjeri\u0107, Liisa Valsta, Darja Sokoli\u0107<\/p><\/div>\n<p align=\"justify\"><span lang=\"en-US\">In the last section, the most recent examples from the practice of risk assessment were outlined. The presentations included issues of considerable interest both for assessors and risk managers in the Republic of Croatia and in the EU Member States. The presented examples included microbiological risk assessment (<\/span><span lang=\"en-US\"><i>S. Infantis<\/i><\/span><span lang=\"en-US\"> Risk Assessment in Broiler Meat; Molecular detection of Cryptosporidium hominis and Giardia duodenalis from Croatian commercial raised oysters (Ostrea edulis) and mussels (Mytilus galloprovincialis), chemical risk assessment (Exposure assessment of nitrates from food) and environmental risk assessment.<\/span><\/p>\n<div id=\"attachment_5221\" style=\"width: 610px\" class=\"wp-caption aligncenter\"><img aria-describedby=\"caption-attachment-5221\" loading=\"lazy\" class=\"size-full wp-image-5221\" src=\"https:\/\/www.hah.hr\/wp-content\/uploads\/2017\/10\/hah-konferencija-2017-slika.png\" alt=\"HAH\" width=\"600\" height=\"338\" \/><p id=\"caption-attachment-5221\" class=\"wp-caption-text\">Left to right: Jasenka Petri\u0107, Relja Beck, Vlatka Buzjak Slu\u017eek, Brigita Hengl<\/p><\/div>\n<p>&nbsp;<\/p>\n<div id=\"attachment_5222\" style=\"width: 310px\" class=\"wp-caption aligncenter\"><img aria-describedby=\"caption-attachment-5222\" loading=\"lazy\" class=\"size-full wp-image-5222\" src=\"https:\/\/www.hah.hr\/wp-content\/uploads\/2017\/10\/danica-grahek-ogden.jpg\" alt=\"Danica Grahek Ogden, Norve\u0161ko znanstveno vije\u0107e za sigurnost hrane (VKM)\" width=\"300\" height=\"400\" \/><p id=\"caption-attachment-5222\" class=\"wp-caption-text\">Danica Grahek Ogden, Norwegian Scientific Committee for Food Safety (VKM)<\/p><\/div>\n<p align=\"justify\"><span lang=\"en-US\">In conclusion, HAH Director Andrea Gross-Bo\u0161kovi\u0107 expressed a great satisfaction regarding the conference, shown interest and stakeholder interaction level, and finally pointed out that risk assessment requires a multidisciplinary approach, which requires the involvement of a large number of different experts and believes that this conference is a confirmation of the recognition of that concept.<\/span><\/p>\n<div id=\"attachment_5223\" style=\"width: 310px\" class=\"wp-caption aligncenter\"><img aria-describedby=\"caption-attachment-5223\" loading=\"lazy\" class=\"wp-image-5223 size-full\" src=\"https:\/\/www.hah.hr\/wp-content\/uploads\/2017\/10\/andrea-gross-boskovic.jpg\" alt=\"Andrea Gross-Bo\u0161kovi\u0107, HAH\" width=\"300\" height=\"400\" \/><p id=\"caption-attachment-5223\" class=\"wp-caption-text\">Andrea Gross-Bo\u0161kovi\u0107, HAH<\/p><\/div>\n<p><!--Prezentacije s konferencije:\n\nDan 1 - Sekcija 1:\n\n<a href=\"https:\/\/www.hah.hr\/wp-content\/uploads\/2017\/10\/1.1.1.-Ludvig_Promijenimo-budu\u0107nost-migracija.-Ula\u017eimo-u-prehrambenu-sigurnost-i-ruralni-razvoj.pdf\" target=\"_blank\" rel=\"noopener noreferrer\">Promijenimo budu\u0107nost migracija. Ula\u017eimo u prehrambenu sigurnost i ruralni razvoj<\/a> -\u00a0Katalin Ludvig, dipl. oec., dipl. ing.\n\n<a href=\"https:\/\/www.hah.hr\/wp-content\/uploads\/2017\/10\/1.1.2.-Ivan\u010di\u0107_Utjecaj-mjera-ruralnog-razvoja-na-prehrambenu-sigurnost.pdf\" target=\"_blank\" rel=\"noopener noreferrer\">Utjecaj mjera ruralnog razvoja na prehrambenu sigurnost<\/a> -\u00a0Kre\u0161imir Ivan\u010di\u0107, dipl.ing.agr.\n\n<a href=\"https:\/\/www.hah.hr\/wp-content\/uploads\/2017\/10\/1.1.3.-Tu\u0161ek-Uloga-Savjetodavne-slu\u017ebe-u-spre\u010davanju-\u0161irenja-zlatne-\u017eutice-vinove-loze_ZT.pdf\" target=\"_blank\" rel=\"noopener noreferrer\">Uloga Savjetodavne slu\u017ebe u spre\u010davanju \u0161irenja zlatne \u017eutice vinove loze<\/a> -\u00a0Zdravko Tu\u0161ek dipl. ing. agr.\n\n<a href=\"https:\/\/www.hah.hr\/wp-content\/uploads\/2017\/10\/1.1.4.-Milardovi\u0107_Globalizacija-migracija-i-njihov-odraz-na-Hrvatsku-i-Europsku-uniju.pdf\" target=\"_blank\" rel=\"noopener noreferrer\">Globalizacija migracija i njihov odraz na Hrvatsku i Europsku uniju<\/a> -\u00a0Prof. dr. sc. An\u0111elko Milardovi\u0107\n\n<a href=\"https:\/\/www.hah.hr\/wp-content\/uploads\/2017\/10\/1.1.5.-Bronzwaer_Istra\u017eivanje-i-suradnja-EU-Risk-Assessment-Agenda.pdf\" target=\"_blank\" rel=\"noopener noreferrer\">Istra\u017eivanje i suradnja- EU Risk Assessment Agenda<\/a> -\u00a0Dr.sc. Stef Bronzwaer, dr.med.\n\nDan 1 - Sekcija 2 Okrugli stol:\n\n<a href=\"https:\/\/www.hah.hr\/wp-content\/uploads\/2017\/10\/1.2.1.-Gross-Bo\u0161kovi\u0107_Percepcije-i-stavovi-potro\u0161a\u010dana-podru\u010dju-RH-vezano-za-problematiku-GM-hrane.pdf\" target=\"_blank\" rel=\"noopener noreferrer\">Percepcije i stavovi potro\u0161a\u010dana podru\u010dju RH vezano za problematiku GM hrane<\/a> -\u00a0Andrea Gross Bo\u0161kovi\u0107, dipl. ing. preh. teh. i bioteh.\n\n<a href=\"https:\/\/www.hah.hr\/wp-content\/uploads\/2017\/10\/1.2.2.-Zoreti\u0107-Rubes_Strategije-i-izazovi-u-upravljanju-rizikim-u-podru\u010dju-GM-hrane.pdf\" target=\"_blank\" rel=\"noopener noreferrer\">Strategije i izazovi u upravljanju rizikim u podru\u010dju GM hrane<\/a> -\u00a0Valentina Zoreti\u0107-Rubes, dipl. ing. preh. teh.\n\n<a href=\"https:\/\/www.hah.hr\/wp-content\/uploads\/2017\/10\/1.2.3.-\u0110ugum-Trenutno-stanje-i-upravljanje-rizikom-u-podru\u010dju-GM.pdf\" target=\"_blank\" rel=\"noopener noreferrer\">Trenutno stanje i upravljanje rizikom u podru\u010dju GM<\/a> -\u00a0Doc. dr. sc. Jelena \u0110ugum\n\nDan 2 - Sekcija 1\n\n<a href=\"https:\/\/www.hah.hr\/wp-content\/uploads\/2017\/10\/2.1.1.-Bronzwaer_Rad-EFSA-e-u-podru\u010dju-komunikacije-rizikom.pdf\" target=\"_blank\" rel=\"noopener noreferrer\">Rad EFSA-e u podru\u010dju komunikacije rizikom<\/a> -\u00a0Dr.sc. Stef Bronzwaer, dr.med.\n\n<a href=\"https:\/\/www.hah.hr\/wp-content\/uploads\/2017\/10\/2.1.2.-Deur_Aktivnosti-u-podru\u010dju-me\u0111unarodne-suradnje.pdf\" target=\"_blank\" rel=\"noopener noreferrer\">Aktivnosti u podru\u010dju me\u0111unarodne suradnje<\/a> -\u00a0Mr. sc. Marina Deur\n\n<a href=\"https:\/\/www.hah.hr\/wp-content\/uploads\/2017\/10\/Gollnick.pdf\" target=\"_blank\" rel=\"noopener noreferrer\">Izgradnja kapaciteta procjene rizika-vizija budu\u0107nosti<\/a> -\u00a0Dr. sc. Nicole Gollnick\n\n<a href=\"https:\/\/www.hah.hr\/wp-content\/uploads\/2017\/10\/2.1.4.-Mikrut-Vunjak_Krizna-komunikacija-\u0161to-ne\u010diniti-za-vrijeme-krize.pdf\" target=\"_blank\" rel=\"noopener noreferrer\">Krizna komunikacija-\u0161to (ne)\u010diniti za vrijeme krize<\/a> -\u00a0Sara Mikrut Vunjak, dipl. iur.\n\nDan 2 - Sekcija 2\n\n<a href=\"https:\/\/www.hah.hr\/wp-content\/uploads\/2017\/10\/2.2.1.-Turkalj-_Alergije-porijeklom-iz-hrane-.pdf\" target=\"_blank\" rel=\"noopener noreferrer\">Alergije porijeklom iz hrane<\/a> -\u00a0Izv. prof. dr. sc. Mirjana Turkalj, dr. med.\n\n<a href=\"https:\/\/www.hah.hr\/wp-content\/uploads\/2017\/10\/2.2.2.-Valsta-Prehrambene-navike-Case-study-Finska.pdf\" target=\"_blank\" rel=\"noopener noreferrer\">Prehrambene navike<\/a> - Case study - Finska -\u00a0Dr. sc. Liisa Valsta\n\n<a href=\"https:\/\/www.hah.hr\/wp-content\/uploads\/2017\/10\/2.2.3.-Keser_-Trendovi-u-prehrani-i-prehrambenom-ponasanju.pdf\" target=\"_blank\" rel=\"noopener noreferrer\">Trendovi u prehrani i prehrambenom ponasanju<\/a> -\u00a0Doc.dr.sc. Irena Keser\n\n<a href=\"https:\/\/www.hah.hr\/wp-content\/uploads\/2017\/10\/2.2.4.-Sokoli\u0107_EU-Menu-Prvo-hrvatsko-istra\u017eivanje-preh.-navika-dojen\u010dadi-i-male-djece.pdf\" target=\"_blank\" rel=\"noopener noreferrer\">EU Menu - Prvo hrvatsko istra\u017eivanje preh. navika dojen\u010dadi i male djece<\/a> -\u00a0Dr. sc. Darja Sokoli\u0107, znanstvena suradnica\n\n<a href=\"https:\/\/www.hah.hr\/wp-content\/uploads\/2017\/10\/2.2.5.-\u010ca\u010di\u0107-Kenjeri\u0107_Kako-izra\u010dunati-hranjive-vrijednosti-hrane.pdf\" target=\"_blank\" rel=\"noopener noreferrer\">Kako izra\u010dunati hranjive vrijednosti hrane<\/a> -\u00a0Prof. dr. sc. Daniela \u010ca\u010di\u0107 Kenjeri\u0107\n\nDan 2 - Sekcija 3\n\n<a href=\"https:\/\/www.hah.hr\/wp-content\/uploads\/2017\/10\/2.3.1.-Grahek-Ogden_Sigurnost-hrane-i-okoli\u0161na-procjena-rizika-put-naprijed.pdf\" target=\"_blank\" rel=\"noopener noreferrer\">Sigurnost hrane i okoli\u0161na procjena rizika<\/a> - put naprijed -\u00a0Dr. Danica Grahek Ogden\n\n<a href=\"https:\/\/www.hah.hr\/wp-content\/uploads\/2017\/10\/2.3.2.-Hengl_Procjena-rizika-od-S.Infantis-u-mesu-brojlera.pdf\" target=\"_blank\" rel=\"noopener noreferrer\">Procjena rizika od <em>S.Infantis<\/em> u mesu brojlera<\/a> -\u00a0Dr. sc. Brigita Hengl, dr. med. vet.\n\n<a href=\"https:\/\/www.hah.hr\/wp-content\/uploads\/2017\/10\/2.3.3-Beck_Molekularni-dokaz-protozoona-Cryptosporidium-hominis-i-bi\u010da\u0161a-Giardia.pdf\" target=\"_blank\" rel=\"noopener noreferrer\">Molekularni dokaz protozoona <em>Cryptosporidium hominis<\/em> i bi\u010da\u0161a <em>Giardia<\/em><\/a> -\u00a0Dr. sc. Relja Beck, dr. med. vet.\n\n<a href=\"https:\/\/www.hah.hr\/wp-content\/uploads\/2017\/10\/Buzjak-Slu\u017eek.pdf\" target=\"_blank\" rel=\"noopener noreferrer\">Procjena izlo\u017eenosti konzumenata u HR nitratima iz hrane<\/a> -\u00a0Vlatka Buzjak Slu\u017eek, dipl. ing. preh. teh.\n\n&nbsp;\n\n\n<p style=\"text-align: justify;\"><a href=\"https:\/\/www.hah.hr\/wp-content\/uploads\/2017\/10\/Neodgovorena-pitanja-sekcije-Znanost-o-prehrani-u-slu\u017ebi-procjene-rizika.pdf\" target=\"_blank\" rel=\"noopener noreferrer\">NEODGOVORENA PITANJA SEKCIJE ZNANOST O PREHRANI U SLU\u017dBI PROCJENE RIZIKA<\/a><\/p>\n\n\n--><\/p>","protected":false},"excerpt":{"rendered":"","protected":false},"author":2,"featured_media":5175,"comment_status":"closed","ping_status":"open","sticky":false,"template":"","format":"standard","meta":[],"categories":[4,3],"tags":[],"_links":{"self":[{"href":"https:\/\/www.hah.hr\/en\/wp-json\/wp\/v2\/posts\/5174"}],"collection":[{"href":"https:\/\/www.hah.hr\/en\/wp-json\/wp\/v2\/posts"}],"about":[{"href":"https:\/\/www.hah.hr\/en\/wp-json\/wp\/v2\/types\/post"}],"author":[{"embeddable":true,"href":"https:\/\/www.hah.hr\/en\/wp-json\/wp\/v2\/users\/2"}],"replies":[{"embeddable":true,"href":"https:\/\/www.hah.hr\/en\/wp-json\/wp\/v2\/comments?post=5174"}],"version-history":[{"count":16,"href":"https:\/\/www.hah.hr\/en\/wp-json\/wp\/v2\/posts\/5174\/revisions"}],"predecessor-version":[{"id":5292,"href":"https:\/\/www.hah.hr\/en\/wp-json\/wp\/v2\/posts\/5174\/revisions\/5292"}],"wp:featuredmedia":[{"embeddable":true,"href":"https:\/\/www.hah.hr\/en\/wp-json\/wp\/v2\/media\/5175"}],"wp:attachment":[{"href":"https:\/\/www.hah.hr\/en\/wp-json\/wp\/v2\/media?parent=5174"}],"wp:term":[{"taxonomy":"category","embeddable":true,"href":"https:\/\/www.hah.hr\/en\/wp-json\/wp\/v2\/categories?post=5174"},{"taxonomy":"post_tag","embeddable":true,"href":"https:\/\/www.hah.hr\/en\/wp-json\/wp\/v2\/tags?post=5174"}],"curies":[{"name":"wp","href":"https:\/\/api.w.org\/{rel}","templated":true}]}}